{"id":1498,"date":"2024-06-17T19:37:56","date_gmt":"2024-06-17T19:37:56","guid":{"rendered":"https:\/\/cantacuisine.com\/?p=1498"},"modified":"2024-07-01T11:21:34","modified_gmt":"2024-07-01T11:21:34","slug":"ionut-tanase","status":"publish","type":"post","link":"http:\/\/cantacuisine.com\/ro\/2024\/06\/17\/ionut-tanase\/","title":{"rendered":"IONU\u021a T\u0102NASE"},"content":{"rendered":"<\/div><\/div><\/div><!-- close content main div --><\/div><\/div><div id='av_section_1' class='avia-section main_color avia-section-no-padding avia-no-shadow av-parallax-section av-section-color-overlay-active avia-bg-style-parallax  av-minimum-height av-minimum-height-50 container_wrap sidebar_right'  data-section-bg-repeat='no-repeat' ><div class='av-parallax' data-avia-parallax-ratio='0.3' ><div class='av-parallax-inner main_color  avia-full-stretch' style = 'background-repeat: no-repeat; background-image: url(https:\/\/cantacuisine.com\/wp-content\/uploads\/2024\/06\/DSC04753-scaled.jpg); background-attachment: scroll; background-position: top left; ' ><\/div><\/div><div class='av-section-color-overlay-wrap'><div class='av-section-color-overlay' style='opacity: 0.8; background-color: #0a0a0a; '><\/div><div class='container' ><div class='template-page content  av-content-small alpha units'><div class='post-entry post-entry-type-page post-entry-1498'><div class='entry-content-wrapper clearfix'>\n<div class='flex_column_table av-equal-height-column-flextable' style='margin-top:0px; margin-bottom:0px; '><div class=\"flex_column av_one_half  flex_column_table_cell av-equal-height-column av-align-middle av-zero-column-padding first\" style='border-radius:0px; '><div class='avia-image-container avia_animated_image avia_animate_when_almost_visible fade-in av-styling- av-hover-grow  avia-align-center'  itemscope=\"itemscope\" itemtype=\"https:\/\/schema.org\/ImageObject\"  ><div class='avia-image-container-inner'><img class='avia_image' src='https:\/\/cantacuisine.com\/wp-content\/uploads\/2024\/06\/it_chef-1.png' alt='' title='it_chef'   itemprop=\"contentURL\"  \/><\/div><\/div><\/div><div class='av-flex-placeholder'><\/div><div class=\"flex_column av_one_half  flex_column_table_cell av-equal-height-column av-align-middle av-zero-column-padding\" style='border-radius:0px; '><section class=\"av_textblock_section\"  itemscope=\"itemscope\" itemtype=\"https:\/\/schema.org\/BlogPosting\" itemprop=\"blogPost\" ><div class='avia_textblock  av_inherit_color'  style='color:#ffffff; '  itemprop=\"text\" ><h1>IONU\u021a T\u0102NASE<\/h1>\n<\/div><\/section><br \/>\n<section class=\"av_textblock_section\"  itemscope=\"itemscope\" itemtype=\"https:\/\/schema.org\/BlogPosting\" itemprop=\"blogPost\" ><div class='avia_textblock  av_inherit_color'  style='color:#ffffff; '  itemprop=\"text\" ><p><strong>Maestrul culinar de la Canta Cuisine\u00a0<\/strong><\/p>\n<p>Chef Ionu\u021b T\u0103nase este un expert culinar cu o vast\u0103 experien\u021b\u0103 interna\u021bional\u0103, aduc\u00e2nd acum expertiza sa incomparabil\u0103 la Canta Cuisine. C\u0103l\u0103toria sa prin buc\u0103t\u0103riile Europei \u0219i dincolo de acestea l-a transformat \u00eentr-un buc\u0103tar versatil \u0219i inovator, preg\u0103tit s\u0103 \u00eenc\u00e2nte oaspe\u021bii cu crea\u021biile sale culinare rafinate. Chef Ionu\u021b continu\u0103 tradi\u021bia excelen\u021bei la Canta Cuisine, infuz\u00e2nd fiecare fel de m\u00e2ncare cu o combina\u021bie de tehnici tradi\u021bionale \u0219i modernitate.<\/p>\n<p>De-a lungul carierei sale, Chef Ionu\u021b a avut onoarea de a g\u0103ti pentru oaspe\u021bi distin\u0219i, inclusiv pentru Pre\u0219edintele Taiwanului \u0219i membri ai familiei pre\u0219edintelui american Trump. Capacitatea sa de a oferi experien\u021be culinare excep\u021bionale sub presiune i-a adus recunoa\u0219tere \u0219i respect \u00een industrie.<\/p>\n<p>Una dintre realiz\u0103rile sale cele mai memorabile a fost introducerea c\u0103rnii de crocodil \u00een meniul din Rom\u00e2nia, eviden\u021biind dorin\u021ba sa de a dep\u0103\u0219i limitele \u0219i de a introduce noi arome publicului s\u0103u.<\/p>\n<\/div><\/section><\/p><\/div><\/div><!--close column table wrapper. Autoclose:  -->\n<\/div><\/div><\/div><!-- close content main div --><\/div><\/div><\/div><div id='after_section_1' class='main_color av_default_container_wrap container_wrap sidebar_right'   ><div class='container' ><div class='template-page content  av-content-small alpha units'><div class='post-entry post-entry-type-page post-entry-1498'><div class='entry-content-wrapper clearfix'>\n<\/div><\/div><\/div><!-- close content main div --><\/div><\/div><\/div><div id='av_section_2' class='avia-section main_color avia-section-default avia-no-shadow av-parallax-section av-section-color-overlay-active avia-bg-style-parallax  av-minimum-height av-minimum-height-100 container_wrap sidebar_right'  data-section-bg-repeat='no-repeat' ><div class='av-parallax' data-avia-parallax-ratio='0.3' ><div class='av-parallax-inner main_color  avia-full-stretch' style = 'background-repeat: no-repeat; background-image: url(https:\/\/cantacuisine.com\/wp-content\/uploads\/2022\/02\/2022-02-02-CantaCuisine-34.jpg); background-attachment: scroll; background-position: top left; ' ><\/div><\/div><div class='av-section-color-overlay-wrap'><div class='av-section-color-overlay' style='opacity: 0.9; background-color: #ffffff; '><\/div><div class='container' ><div class='template-page content  av-content-small alpha units'><div class='post-entry post-entry-type-page post-entry-1498'><div class='entry-content-wrapper clearfix'>\n<div class='flex_column_table av-equal-height-column-flextable' ><div class=\"flex_column av_three_fifth  flex_column_table_cell av-equal-height-column av-align-middle av-zero-column-padding first\" style='border-radius:0px; '><section class=\"av_textblock_section\"  itemscope=\"itemscope\" itemtype=\"https:\/\/schema.org\/BlogPosting\" itemprop=\"blogPost\" ><div class='avia_textblock'   itemprop=\"text\" ><h4><strong>C\u0103l\u0103toria Culinar\u0103 - \u00cenceputuri Timide \u00een Austria<\/strong><\/h4>\n<p>Pasiunea pentru g\u0103tit a lui Chef Ionu\u021b T\u0103nase a \u00eenceput de la o v\u00e2rst\u0103 fraged\u0103, pornind cariera al\u0103turi de fratele s\u0103u mai mare. Prima sa incursiune \u00een lumea culinar\u0103 a fost \u00een Austria, unde \u0219i-a perfec\u021bionat abilit\u0103\u021bile \u00een buc\u0103t\u0103ria italian\u0103. Aceast\u0103 experien\u021b\u0103 de baz\u0103 i-a deschis drumul pentru spiritul s\u0103u aventuros \u0219i dorin\u021ba de a explora diverse peisaje culinare.<\/p>\n<h4>Explorarea culinar\u0103 a Europei<\/h4>\n<p>\u00cen c\u0103utarea unor noi provoc\u0103ri, Chef Ionu\u021b T\u0103nase s-a mutat \u00een Irlanda, unde a lucrat la prestigiosul Hotel Radisson.<br \/>\nFran\u021ba, v\u00e2rful artei culinare, a fost un capitol transformator \u00een cariera lui Chef Ionu\u021b. Ad\u00e2ncindu-se \u00een inima buc\u0103t\u0103riei franceze, a experimentat o schimbare profund\u0103 \u00een \u00een\u021belegerea \u0219i aprecierea g\u0103titului. Tehnicile clasice \u0219i standardele \u00eenalte ale buc\u0103t\u0103riilor franceze i-au remodelat filosofia culinar\u0103, subliniind importan\u021ba detaliilor, aromei \u0219i prezent\u0103rii.\nC\u0103l\u0103toria lui Chef Ionu\u021b T\u0103nase a continuat \u00een Malta \u0219i Olanda, unde a \u00eembr\u0103\u021bi\u0219at provoc\u0103rile buc\u0103t\u0103riilor interna\u021bionale. \u00cen Malta, a \u00een\u021beles constr\u00e2ngerile resurselor locale limitate, transform\u00e2ndu-le \u00eentr-o oportunitate de a inova cu ingrediente proaspete \u0219i excep\u021bionale. Sejurul s\u0103u \u00een Olanda, de\u0219i scurt, a ad\u0103ugat o alt\u0103 dimensiune repertoriului s\u0103u culinar divers, l\u0103rgindu-i \u0219i mai mult experien\u021ba interna\u021bional\u0103.<\/p>\n<\/div><\/section><br \/>\n<div class='avia-gallery avia-gallery-1 avia_lazyload avia_animate_when_visible'  itemscope=\"itemscope\" itemtype=\"https:\/\/schema.org\/ImageObject\" ><div class='avia-gallery-thumb'> <a href='https:\/\/cantacuisine.com\/wp-content\/uploads\/2024\/06\/DSC04732-Enhanced-NR-758x1030.jpg' data-rel='gallery-1' data-prev-img='https:\/\/cantacuisine.com\/wp-content\/uploads\/2024\/06\/DSC04732-Enhanced-NR-495x400.jpg' class='first_thumb lightbox' data-onclick='1' title=''  itemprop=\"contentURL\" ><img  src='https:\/\/cantacuisine.com\/wp-content\/uploads\/2024\/06\/DSC04732-Enhanced-NR-495x400.jpg' width='495' height='400'  title='DSC04732-Enhanced-NR' alt='' \/><\/a> <a href='https:\/\/cantacuisine.com\/wp-content\/uploads\/2024\/06\/DSC04712-Enhanced-NR-796x1030.jpg' data-rel='gallery-1' data-prev-img='https:\/\/cantacuisine.com\/wp-content\/uploads\/2024\/06\/DSC04712-Enhanced-NR-495x400.jpg' class='lightbox' data-onclick='2' title=''  itemprop=\"contentURL\" ><img  src='https:\/\/cantacuisine.com\/wp-content\/uploads\/2024\/06\/DSC04712-Enhanced-NR-495x400.jpg' width='495' height='400'  title='DSC04712-Enhanced-NR' alt='' \/><\/a> <a href='https:\/\/cantacuisine.com\/wp-content\/uploads\/2024\/06\/DSC04820-2-733x1030.jpg' data-rel='gallery-1' data-prev-img='https:\/\/cantacuisine.com\/wp-content\/uploads\/2024\/06\/DSC04820-2-495x400.jpg' class='lightbox' data-onclick='3' title=''  itemprop=\"contentURL\" ><img  src='https:\/\/cantacuisine.com\/wp-content\/uploads\/2024\/06\/DSC04820-2-495x400.jpg' width='495' height='400'  title='DSC04820-2' alt='' \/><\/a> <a href='https:\/\/cantacuisine.com\/wp-content\/uploads\/2024\/06\/DSC04674-773x1030.jpg' data-rel='gallery-1' data-prev-img='https:\/\/cantacuisine.com\/wp-content\/uploads\/2024\/06\/DSC04674-495x400.jpg' class='lightbox' data-onclick='4' title=''  itemprop=\"contentURL\" ><img  src='https:\/\/cantacuisine.com\/wp-content\/uploads\/2024\/06\/DSC04674-495x400.jpg' width='495' height='400'  title='DSC04674' alt='' \/><\/a><\/div><\/div><br \/>\n<section class=\"av_textblock_section\"  itemscope=\"itemscope\" itemtype=\"https:\/\/schema.org\/BlogPosting\" itemprop=\"blogPost\" ><div class='avia_textblock'   itemprop=\"text\" ><h4><\/h4>\n<h4><strong>\u00centoarcerea \u00een Rom\u00e2nia<\/strong><\/h4>\n<p>Dup\u0103 ani de c\u0103l\u0103torii \u0219i \u00eenv\u0103\u021bare, Chef Ionu\u021b T\u0103nase a decis s\u0103 se \u00eentoarc\u0103 \u00een Rom\u00e2nia, aduc\u00e2nd experien\u021bele sale globale \u00eenapoi la r\u0103d\u0103cini. Revenirea sa a fost motivat\u0103 de dorin\u021ba de a ridica buc\u0103t\u0103ria local\u0103 cu tehnicile sofisticate \u0219i aromele pe care le-a st\u0103p\u00e2nit \u00een str\u0103in\u0103tate. Angajamentul s\u0103u pentru inova\u021bie \u0219i calitate continu\u0103 s\u0103 inspire crea\u021biile sale culinare la Canta Cuisine.<\/p>\n<\/div><\/section><\/p><\/div><div class='av-flex-placeholder'><\/div><div class=\"flex_column av_two_fifth  flex_column_table_cell av-equal-height-column av-align-middle av-zero-column-padding\" style='border-radius:0px; '><div class='avia-image-container avia_animated_image avia_animate_when_almost_visible fade-in av-styling- av-hover-grow  avia-align-center'  itemscope=\"itemscope\" itemtype=\"https:\/\/schema.org\/ImageObject\"  ><div class='avia-image-container-inner'><img class='avia_image' src='https:\/\/cantacuisine.com\/wp-content\/uploads\/2024\/06\/DSC05001-scaled.jpg' alt='' title='DSC05001'   itemprop=\"contentURL\"  \/><\/div><\/div><\/div><\/div><!--close column table wrapper. Autoclose:  --><\/div><\/div><\/div><!-- close content main div --><\/div><\/div><\/div><div id='after_section_2' class='main_color av_default_container_wrap container_wrap sidebar_right'   ><div class='container' ><div class='template-page content  av-content-small alpha units'><div class='post-entry post-entry-type-page post-entry-1498'><div class='entry-content-wrapper clearfix'><\/div><\/div><\/div><!-- close content main div --><\/div><\/div><\/div><div id='av_section_3' class='avia-section main_color avia-section-default avia-no-border-styling av-parallax-section av-section-color-overlay-active avia-bg-style-parallax  av-minimum-height av-minimum-height-25 container_wrap sidebar_right'  data-section-bg-repeat='no-repeat' ><div class='av-parallax' data-avia-parallax-ratio='0.3' ><div class='av-parallax-inner main_color  avia-full-stretch' style = 'background-repeat: no-repeat; background-image: url(https:\/\/cantacuisine.com\/wp-content\/uploads\/2024\/06\/DSC04889-Enhanced-NR-2-1030x687.jpg); background-attachment: scroll; background-position: center center; ' ><\/div><\/div><div class='av-section-color-overlay-wrap'><div class='av-section-color-overlay' style='opacity: 0.8; background-color: #000000; '><\/div><div class='container' ><div class='template-page content  av-content-small alpha units'><div class='post-entry post-entry-type-page post-entry-1498'><div class='entry-content-wrapper clearfix'>\n<div class='flex_column_table av-equal-height-column-flextable' ><div class=\"flex_column av_two_fifth  flex_column_table_cell av-equal-height-column av-align-middle av-zero-column-padding first\" style='border-radius:0px; '><div class='avia-image-container  av-styling-   avia-align-center'  itemscope=\"itemscope\" itemtype=\"https:\/\/schema.org\/ImageObject\"  ><div class='avia-image-container-inner'><img class='avia_image' src='https:\/\/cantacuisine.com\/wp-content\/uploads\/2024\/06\/DSC04889-Enhanced-NR-2-1030x687.jpg' alt='' title='DSC04889-Enhanced-NR-2'   itemprop=\"contentURL\"  \/><\/div><\/div><\/div><div class='av-flex-placeholder'><\/div><div class=\"flex_column av_three_fifth  flex_column_table_cell av-equal-height-column av-align-middle av-zero-column-padding\" style='border-radius:0px; '><section class=\"av_textblock_section\"  itemscope=\"itemscope\" itemtype=\"https:\/\/schema.org\/BlogPosting\" itemprop=\"blogPost\" ><div class='avia_textblock  av_inherit_color'  style='color:#ffffff; '  itemprop=\"text\" ><h1>Filosofia Culinar\u0103 \u0219i Stilul Semn\u0103tur\u0103<\/h1>\n<p>Felurile sale de m\u00e2ncare semn\u0103tur\u0103 includ adesea o \u00eentors\u0103tur\u0103 creativ\u0103 a re\u021betelor clasice, utiliz\u00e2nd ingrediente de sezon \u0219i provenite local pentru a asigura prospe\u021bimea \u0219i calitatea. Chef Ionu\u021b T\u0103nase crede \u00een importan\u021ba \u00een\u021belegerii elementelor de baz\u0103\u2014cum ar fi prepararea sosurilor de la zero \u0219i st\u0103p\u00e2nirea abilit\u0103\u021bilor de t\u0103iere\u2014\u00een timp ce este deschis la noi tehnici \u0219i ingrediente.<\/p>\n<\/div><\/section><\/div><\/div><!--close column table wrapper. Autoclose:  -->\n<\/div><\/div><\/div><!-- close content main div --><\/div><\/div><\/div><div id='after_section_3' class='main_color av_default_container_wrap container_wrap sidebar_right'   ><div class='container' ><div class='template-page content  av-content-small alpha units'><div class='post-entry post-entry-type-page post-entry-1498'><div class='entry-content-wrapper clearfix'><\/p>","protected":false},"excerpt":{"rendered":"","protected":false},"author":1,"featured_media":1546,"comment_status":"open","ping_status":"open","sticky":false,"template":"","format":"standard","meta":{"footnotes":""},"categories":[21],"tags":[],"_links":{"self":[{"href":"http:\/\/cantacuisine.com\/ro\/wp-json\/wp\/v2\/posts\/1498"}],"collection":[{"href":"http:\/\/cantacuisine.com\/ro\/wp-json\/wp\/v2\/posts"}],"about":[{"href":"http:\/\/cantacuisine.com\/ro\/wp-json\/wp\/v2\/types\/post"}],"author":[{"embeddable":true,"href":"http:\/\/cantacuisine.com\/ro\/wp-json\/wp\/v2\/users\/1"}],"replies":[{"embeddable":true,"href":"http:\/\/cantacuisine.com\/ro\/wp-json\/wp\/v2\/comments?post=1498"}],"version-history":[{"count":18,"href":"http:\/\/cantacuisine.com\/ro\/wp-json\/wp\/v2\/posts\/1498\/revisions"}],"predecessor-version":[{"id":1555,"href":"http:\/\/cantacuisine.com\/ro\/wp-json\/wp\/v2\/posts\/1498\/revisions\/1555"}],"wp:featuredmedia":[{"embeddable":true,"href":"http:\/\/cantacuisine.com\/ro\/wp-json\/wp\/v2\/media\/1546"}],"wp:attachment":[{"href":"http:\/\/cantacuisine.com\/ro\/wp-json\/wp\/v2\/media?parent=1498"}],"wp:term":[{"taxonomy":"category","embeddable":true,"href":"http:\/\/cantacuisine.com\/ro\/wp-json\/wp\/v2\/categories?post=1498"},{"taxonomy":"post_tag","embeddable":true,"href":"http:\/\/cantacuisine.com\/ro\/wp-json\/wp\/v2\/tags?post=1498"}],"curies":[{"name":"wp","href":"https:\/\/api.w.org\/{rel}","templated":true}]}}